{"id":515,"date":"2023-03-09T07:52:10","date_gmt":"2023-03-09T07:52:10","guid":{"rendered":"https:\/\/amakira.mx\/?p=515"},"modified":"2023-10-18T13:45:37","modified_gmt":"2023-10-18T13:45:37","slug":"dufter-abend","status":"publish","type":"post","link":"https:\/\/amakira.de\/de_de\/2023\/03\/09\/dufter-abend\/","title":{"rendered":"Dufter Abend"},"content":{"rendered":"<span class=\"span-reading-time rt-reading-time\" style=\"display: block;\"><span class=\"rt-label rt-prefix\">Lesedauer<\/span> <span class=\"rt-time\"> &lt; 1<\/span> <span class=\"rt-label rt-postfix\">Minute<\/span><\/span>\n<p>Der <em>Dufte Abend<\/em> dient der Information \u00fcber die Gewinnung, Eigenschaften und den spezifischen Einsatz \u00e4therischer \u00d6le.<br>\u00c4therische \u00d6le, auch im Verbund mit einer Aroma-Massage, ergeben eine tiefe Entspannung und Harmonisierung der k\u00f6rperlichen Prozesse durch wohltuende Massagearten und die individuell abgestimmten Wirkungen der verwendeten \u00e4therischen \u00d6le.<\/p>\n\n\n\n<p>F\u00fcr Teilnehmer an diesen Abenden ist <a href=\"https:\/\/amakira.de\/2023\/03\/09\/dufter-abend-zusammenfassung\/\" data-type=\"post\" data-id=\"518\">hier<\/a> eine thematische Zusammenfassung aller Abende zur Verf\u00fcgung gestellt. Viel Freude beim Lesen, Ausprobieren und Genie\u00dfen.<\/p>\n\n\n\n<hr class=\"wp-block-separator has-alpha-channel-opacity\"\/>\n\n\n\n<p>Hast DU Lust an einem Abend dabei oder Gastgeber zu sein? Dann melde Dich gerne bei mir!<\/p>\n\n\n\n<hr class=\"wp-block-separator has-alpha-channel-opacity\"\/>\n\n\n\n<p>Anregungen, Fragen sind stets willkommen und k\u00f6nnen gern \u00fcber die unter dem Artikel vorhandene Kommentarfunktion eingebracht werden!<\/p>\n","protected":false},"excerpt":{"rendered":"<p><span class=\"span-reading-time rt-reading-time\" style=\"display: block;\"><span class=\"rt-label rt-prefix\">Lesedauer<\/span> <span class=\"rt-time\"> &lt; 1<\/span> <span class=\"rt-label rt-postfix\">Minute<\/span><\/span>Der Dufte Abend dient der Information \u00fcber die Gewinnung, Eigenschaften und den spezifischen Einsatz \u00e4therischer \u00d6le.\u00c4therische \u00d6le, auch im Verbund mit einer Aroma-Massage, ergeben eine tiefe Entspannung und Harmonisierung der k\u00f6rperlichen Prozesse durch wohltuende Massagearten und die individuell abgestimmten Wirkungen der verwendeten \u00e4therischen \u00d6le. F\u00fcr Teilnehmer an diesen Abenden ist hier eine thematische Zusammenfassung aller&hellip;&nbsp;<a href=\"https:\/\/amakira.de\/de_de\/2023\/03\/09\/dufter-abend\/\" class=\"\" rel=\"bookmark\">Weiterlesen &raquo;<span class=\"screen-reader-text\">Dufter Abend<\/span><\/a><\/p>\n","protected":false},"author":2,"featured_media":0,"comment_status":"open","ping_status":"open","sticky":false,"template":"","format":"standard","meta":{"_lmt_disableupdate":"","_lmt_disable":"","neve_meta_sidebar":"","neve_meta_container":"","neve_meta_enable_content_width":"","neve_meta_content_width":0,"neve_meta_title_alignment":"","neve_meta_author_avatar":"","neve_post_elements_order":"","neve_meta_disable_header":"","neve_meta_disable_footer":"","neve_meta_disable_title":"","_themeisle_gutenberg_block_has_review":false,"footnotes":""},"categories":[5],"tags":[],"class_list":["post-515","post","type-post","status-publish","format-standard","hentry","category-aetherische-oele"],"modified_by":"Achim G\u00f6rner","_links":{"self":[{"href":"https:\/\/amakira.de\/de_de\/wp-json\/wp\/v2\/posts\/515","targetHints":{"allow":["GET"]}}],"collection":[{"href":"https:\/\/amakira.de\/de_de\/wp-json\/wp\/v2\/posts"}],"about":[{"href":"https:\/\/amakira.de\/de_de\/wp-json\/wp\/v2\/types\/post"}],"author":[{"embeddable":true,"href":"https:\/\/amakira.de\/de_de\/wp-json\/wp\/v2\/users\/2"}],"replies":[{"embeddable":true,"href":"https:\/\/amakira.de\/de_de\/wp-json\/wp\/v2\/comments?post=515"}],"version-history":[{"count":11,"href":"https:\/\/amakira.de\/de_de\/wp-json\/wp\/v2\/posts\/515\/revisions"}],"predecessor-version":[{"id":941,"href":"https:\/\/amakira.de\/de_de\/wp-json\/wp\/v2\/posts\/515\/revisions\/941"}],"wp:attachment":[{"href":"https:\/\/amakira.de\/de_de\/wp-json\/wp\/v2\/media?parent=515"}],"wp:term":[{"taxonomy":"category","embeddable":true,"href":"https:\/\/amakira.de\/de_de\/wp-json\/wp\/v2\/categories?post=515"},{"taxonomy":"post_tag","embeddable":true,"href":"https:\/\/amakira.de\/de_de\/wp-json\/wp\/v2\/tags?post=515"}],"curies":[{"name":"wp","href":"https:\/\/api.w.org\/{rel}","templated":true}]}}